{"id":35,"date":"2015-07-24T10:15:36","date_gmt":"2015-07-24T14:15:36","guid":{"rendered":"https:\/\/themes.goodlayers2.com\/flawless\/?p=35"},"modified":"2020-01-12T10:37:39","modified_gmt":"2020-01-12T15:37:39","slug":"lidentite-dun-enfant-doit-etre-protegee-mais-la-mere-peut-raconter-son-histoire","status":"publish","type":"post","link":"https:\/\/www.schirmtremblay.com\/index.php\/2015\/07\/24\/lidentite-dun-enfant-doit-etre-protegee-mais-la-mere-peut-raconter-son-histoire\/","title":{"rendered":"L\u2019identit\u00e9 d\u2019un enfant doit \u00eatre prot\u00e9g\u00e9e mais la \u2018m\u00e8re\u2019 peut raconter son histoire\u2026"},"content":{"rendered":"<p>Au Qu\u00e9bec, diff\u00e9rentes lois prot\u00e8gent l\u2019identit\u00e9 d\u2019un enfant pris au milieu d\u2019un litige, que ce soit pour l\u2019adoption, pour la Protection de la Jeunesse ou pour des proc\u00e9dures de garde devant la Cour sup\u00e9rieure. Voil\u00e0 pourquoi le nom des parents est \u00e9galement prot\u00e9g\u00e9 dans les proc\u00e9dures devant les tribunaux pour les causes de divorce ou s\u00e9paration. Par exemple, dans le c\u00e9l\u00e8bre cas de\u00a0<em>Lola c. \u00c9ric<\/em>, les parents n\u2019\u00e9taient pas identifi\u00e9s (officiellement\u2026) pour prot\u00e9ger les enfants.<\/p>\n<p>Dans l\u2019affaire YG c. KV, le juge Bolduc est saisi d\u2019une demande d\u2019injonction des parents adoptifs contre la m\u00e8re biologique d\u2019un enfant. En effet, alors qu\u2019elle \u00e9tait malade et hospitalis\u00e9e en psychiatrie, la m\u00e8re biologique a donn\u00e9 son enfant en adoption suite \u00e0 sa naissance. Par la suite, elle a tent\u00e9 de faire annuler son consentement, sans succ\u00e8s, et cela, \u00e0 cause des d\u00e9lais. Son enfant fut adopt\u00e9 par son oncle (fr\u00e8re du p\u00e8re) et sa conjointe. La m\u00e8re biologique, frustr\u00e9e et pein\u00e9e, d\u00e9cide de raconter son histoire publiquement par un blogue et deux sites Facebook et participe \u00e0 des \u00e9missions de radio et t\u00e9l\u00e9vision et \u00e0 des manifestations. Elle nomme l\u2019enfant et publie des photos.<\/p>\n<p>Suite \u00e0 ces agissements, les parents adoptifs obtiennent une injonction temporaire contre la m\u00e8re afin d\u2019emp\u00eacher qu\u2019elle ne puisse les identifier ainsi que l\u2019enfant. Suite au jugement confirmant l\u2019adoption, les parents demandent une injonction permanente. La m\u00e8re consent \u00e0 ne pas identifier l\u2019enfant ni les parents adoptifs, mais, dit la Cour, rien ne l\u2019emp\u00eache de raconter son histoire. En effet, elle n\u2019a plus de lien juridique avec cet enfant.<\/p>\n<p>Donc, si je suis un parent pris dans un litige devant un tribunal concernant la garde, l\u2019adoption ou la protection de mon enfant, je ne peux pas m\u2019identifier, car en faisant ainsi, mon enfant le sera \u00e9galement. Donc, ni ma photo ni mon nom ne doivent \u00eatre d\u00e9voil\u00e9s.<\/p>\n","protected":false},"excerpt":{"rendered":"<p>Au Qu\u00e9bec, diff\u00e9rentes lois prot\u00e8gent l\u2019identit\u00e9 d\u2019un enfant pris au milieu d\u2019un litige, que ce soit pour l\u2019adoption, pour la Protection de la Jeunesse ou pour des proc\u00e9dures de garde devant la Cour sup\u00e9rieure. Voil\u00e0 pourquoi le nom des parents est \u00e9galement prot\u00e9g\u00e9 dans les proc\u00e9dures devant les tribunaux pour les causes de divorce ou [&hellip;]<\/p>\n","protected":false},"author":2,"featured_media":0,"comment_status":"closed","ping_status":"open","sticky":false,"template":"","format":"standard","meta":{"_et_pb_use_builder":"","_et_pb_old_content":"","_et_gb_content_width":""},"categories":[1],"tags":[],"_links":{"self":[{"href":"https:\/\/www.schirmtremblay.com\/index.php\/wp-json\/wp\/v2\/posts\/35"}],"collection":[{"href":"https:\/\/www.schirmtremblay.com\/index.php\/wp-json\/wp\/v2\/posts"}],"about":[{"href":"https:\/\/www.schirmtremblay.com\/index.php\/wp-json\/wp\/v2\/types\/post"}],"author":[{"embeddable":true,"href":"https:\/\/www.schirmtremblay.com\/index.php\/wp-json\/wp\/v2\/users\/2"}],"replies":[{"embeddable":true,"href":"https:\/\/www.schirmtremblay.com\/index.php\/wp-json\/wp\/v2\/comments?post=35"}],"version-history":[{"count":1,"href":"https:\/\/www.schirmtremblay.com\/index.php\/wp-json\/wp\/v2\/posts\/35\/revisions"}],"predecessor-version":[{"id":7885,"href":"https:\/\/www.schirmtremblay.com\/index.php\/wp-json\/wp\/v2\/posts\/35\/revisions\/7885"}],"wp:attachment":[{"href":"https:\/\/www.schirmtremblay.com\/index.php\/wp-json\/wp\/v2\/media?parent=35"}],"wp:term":[{"taxonomy":"category","embeddable":true,"href":"https:\/\/www.schirmtremblay.com\/index.php\/wp-json\/wp\/v2\/categories?post=35"},{"taxonomy":"post_tag","embeddable":true,"href":"https:\/\/www.schirmtremblay.com\/index.php\/wp-json\/wp\/v2\/tags?post=35"}],"curies":[{"name":"wp","href":"https:\/\/api.w.org\/{rel}","templated":true}]}}